{"id":51685,"date":"2023-04-06T13:13:20","date_gmt":"2023-04-06T11:13:20","guid":{"rendered":"https:\/\/milkywaysblueyes.com\/?p=51685"},"modified":"2023-04-07T17:09:38","modified_gmt":"2023-04-07T15:09:38","slug":"tendance-printemps-2023-veste-matelassee","status":"publish","type":"post","link":"https:\/\/milkywaysblueyes.com\/fr\/tendance-printemps-2023-veste-matelassee\/","title":{"rendered":"Tendance printemps 2023 : la veste matelass\u00e9e imprim\u00e9e"},"content":{"rendered":"\n<p>\r<br>La veste matelass\u00e9e imprim\u00e9e en tissus, aussi appel\u00e9e \\\u00a0\u00bbveste boutis\\\u00a0\u00bb, fait une apparition remarqu\u00e9e dans nos dressing en ce printemps. C\\&rsquo;est la veste parfaite pour passer le mois d\\&rsquo;avril sans se d\u00e9couvrir d\\&rsquo;un fil tout en redonnant un coup de peps \u00e0 sa garde-robe ! On l\\&rsquo;aime bien \u00e9videmment imprim\u00e9e, color\u00e9e, mais on la portera avec ou sans-manches selon les go\u00fbts ! Dans la suite de l\\&rsquo;article, je vous ai concoct\u00e9 une petite s\u00e9lection de vestes matelass\u00e9es imprim\u00e9es \u00e0 shopper au plus vite !\r<br>\r<br>\u00a0\r<br>Tous les produits mis en avant dans cette s\u00e9lection ont \u00e9t\u00e9 s\u00e9lectionn\u00e9s de mani\u00e8re ind\u00e9pendante par Claire Marnette et son \u00e9quipe. Lorsque vous achetez via les liens int\u00e9gr\u00e9s dans l\u2019article, nous pouvons percevoir une commission d\u2019affiliation. <a href=\"https:\/\/milkywaysblueyes.com\/fr\/disclaimer\/\" target=\"_blank\" rel=\"noopener\">En savoir plus<\/a>.<br><br>LIRE PLUS : LA TENDANCE JUPE CRAYON EN JEAN<br><a href=\"https:\/\/milkywaysblueyes.com\/fr\/tendance-mode-jupe-crayon-tenue-femme\/\">https:\/\/milkywaysblueyes.com\/fr\/tendance-mode-jupe-crayon-tenue-femme\/<\/a><br>left<br>2<br>center<br><br>    <!-- \/22679398943\/MILKYWAYSBLUEYES\/article -->\n    <div id=\"div-gpt-ad-1643885688888-incontent-pub-0\" align=\"center\" class=\"gadm\">\n        <script>\n            googletag.cmd.push(function() {\n                googletag.display('div-gpt-ad-1643885688888-incontent-pub-0');\n            });\n        <\/script>\n    <\/div>\n    <script>\n        jQuery(function($) {\n            mfmAddGoogleAd('div-gpt-ad-1643885688888-incontent-pub-0', '\/22679398943\/MILKYWAYSBLUEYES\/article', [\n                [300, 100],\n                [300, 250],\n                [728, 90]\n            ], {});\n        });\n    <\/script>\n<br><br><img decoding=\"async\" src=\"https:\/\/milkywaysblueyes.com\/wp-content\/uploads\/2023\/04\/TENDANCE-VESTE-MATELASSEE-1.jpg\" alt=\"tendance veste matelass\u00e9e printemps\" loading=\"lazy\" \/><br>full<br>tendance printemps veste matelass\u00e9e<br><br><h2>Une veste matelass\u00e9e imprim\u00e9e aux couleurs neutres<\/h2>\r<br>Envie de craquer pour une veste matelass\u00e9e imprim\u00e9e mais en restant toutefois sobre ? Optez pour des tons neutres comme dans la s\u00e9lection que je vous ai faite ci-dessous !\r<br>ATTENTION : si vous \u00eates sur t\u00e9l\u00e9phone, slidez vers la droite pour voir toutes les pi\u00e8ces.<br><br><br><br><h2>Une veste matelass\u00e9e imprim\u00e9e et color\u00e9e<\/h2>\r<br>Quoi de mieux qu\\&rsquo;une veste imprim\u00e9e et color\u00e9e pour le printemps ? Fleurs, couleurs vives et motifs sont au rendez-vous cette saison ! Je vous pr\u00e9sente une s\u00e9lection de mes pi\u00e8ces pr\u00e9f\u00e9r\u00e9es !\r<br>ATTENTION : si vous \u00eates sur t\u00e9l\u00e9phone, slidez vers la droite pour voir toutes les pi\u00e8ces.<br><br><br><br>    <!-- \/22679398943\/MILKYWAYSBLUEYES\/article -->\n    <div id=\"div-gpt-ad-1643885688888-incontent-pub-0\" align=\"center\" class=\"gadm\">\n        <script>\n            googletag.cmd.push(function() {\n                googletag.display('div-gpt-ad-1643885688888-incontent-pub-0');\n            });\n        <\/script>\n    <\/div>\n    <script>\n        jQuery(function($) {\n            mfmAddGoogleAd('div-gpt-ad-1643885688888-incontent-pub-0', '\/22679398943\/MILKYWAYSBLUEYES\/article', [\n                [300, 100],\n                [300, 250],\n                [728, 90]\n            ], {});\n        });\n    <\/script>\n<br><br><h2>Une veste matelass\u00e9e sans manches<\/h2>\r<br>Retrouvez des vestes matelass\u00e9es sans manches dans plein de coloris et de motifs diff\u00e9rents ! Allez-vous craquer pour ce printemps ?\u00a0\r<br>ATTENTION : si vous \u00eates sur t\u00e9l\u00e9phone, slidez vers la droite pour voir toutes les pi\u00e8ces.<br><br><br><br>LIRE PLUS : 5 TENUES DE PRINTEMPS EN SEZANE<br><a href=\"https:\/\/milkywaysblueyes.com\/fr\/tenues-vetements-sezane-paris\/\">https:\/\/milkywaysblueyes.com\/fr\/tenues-vetements-sezane-paris\/<\/a><br>left<br>2<br>center<br>hide<br><br><h2>N\\&rsquo;h\u00e9sitez pas \u00e0 enregistrer cet article pour plus tard !\u00a0<\/h2><br><br><br><br>    <!-- \/22679398943\/MILKYWAYSBLUEYES\/article -->\n    <div id=\"div-gpt-ad-1643885688888-incontent-pub-0\" align=\"center\" class=\"gadm\">\n        <script>\n            googletag.cmd.push(function() {\n                googletag.display('div-gpt-ad-1643885688888-incontent-pub-0');\n            });\n        <\/script>\n    <\/div>\n    <script>\n        jQuery(function($) {\n            mfmAddGoogleAd('div-gpt-ad-1643885688888-incontent-pub-0', '\/22679398943\/MILKYWAYSBLUEYES\/article', [\n                [300, 100],\n                [300, 250],\n                [728, 90]\n            ], {});\n        });\n    <\/script>\n<br><br><\/p>\n","protected":false},"excerpt":{"rendered":"<p>Ce printemps, la veste matelass\u00e9e a fait son apparition ! Imprim\u00e9e, color\u00e9e, sans manches, vous en trouverez pour tous les styles !<\/p>\n","protected":false},"author":1,"featured_media":51763,"comment_status":"open","ping_status":"closed","sticky":false,"template":"","format":"standard","meta":{"_acf_changed":false,"footnotes":""},"categories":[1529,1474],"tags":[],"class_list":["post-51685","post","type-post","status-publish","format-standard","has-post-thumbnail","hentry","category-mode","category-selections"],"acf":[],"_links":{"self":[{"href":"https:\/\/milkywaysblueyes.com\/fr\/wp-json\/wp\/v2\/posts\/51685","targetHints":{"allow":["GET"]}}],"collection":[{"href":"https:\/\/milkywaysblueyes.com\/fr\/wp-json\/wp\/v2\/posts"}],"about":[{"href":"https:\/\/milkywaysblueyes.com\/fr\/wp-json\/wp\/v2\/types\/post"}],"author":[{"embeddable":true,"href":"https:\/\/milkywaysblueyes.com\/fr\/wp-json\/wp\/v2\/users\/1"}],"replies":[{"embeddable":true,"href":"https:\/\/milkywaysblueyes.com\/fr\/wp-json\/wp\/v2\/comments?post=51685"}],"version-history":[{"count":0,"href":"https:\/\/milkywaysblueyes.com\/fr\/wp-json\/wp\/v2\/posts\/51685\/revisions"}],"wp:featuredmedia":[{"embeddable":true,"href":"https:\/\/milkywaysblueyes.com\/fr\/wp-json\/wp\/v2\/media\/51763"}],"wp:attachment":[{"href":"https:\/\/milkywaysblueyes.com\/fr\/wp-json\/wp\/v2\/media?parent=51685"}],"wp:term":[{"taxonomy":"category","embeddable":true,"href":"https:\/\/milkywaysblueyes.com\/fr\/wp-json\/wp\/v2\/categories?post=51685"},{"taxonomy":"post_tag","embeddable":true,"href":"https:\/\/milkywaysblueyes.com\/fr\/wp-json\/wp\/v2\/tags?post=51685"}],"curies":[{"name":"wp","href":"https:\/\/api.w.org\/{rel}","templated":true}]}}